{"id":397,"date":"2020-11-04T20:47:24","date_gmt":"2020-11-04T19:47:24","guid":{"rendered":"https:\/\/fdcoiffure.com\/?p=397"},"modified":"2025-01-25T23:07:35","modified_gmt":"2025-01-25T22:07:35","slug":"le-salon","status":"publish","type":"post","link":"https:\/\/fdcoiffure.com\/index.php\/2020\/11\/04\/le-salon\/","title":{"rendered":"LE SALON"},"content":{"rendered":"<p><strong>Bienvenue<\/strong> chez FD Coiffure Dorine Fortin, un salon o\u00f9 chaque d\u00e9tail a \u00e9t\u00e9 pens\u00e9 pour vous offrir une exp\u00e9rience unique et m\u00e9morable. Notre concept repose sur une immersion totale dans une ambiance tropicale, o\u00f9 l&rsquo;exotisme et la d\u00e9tente sont au c\u0153ur de votre visite.<\/p>\n<p>D\u00e8s que vous franchissez nos portes, vous \u00eates transport\u00e9 dans un v\u00e9ritable oasis de paix et de bien-\u00eatre. La d\u00e9coration, inspir\u00e9e des plus belles destinations tropicales, vous enveloppe de couleurs chaleureuses, de plantes luxuriantes, et de parfums envo\u00fbtants qui invitent au l\u00e2cher-prise. Nos fauteuils confortables et notre atmosph\u00e8re apaisante vous permettront de vous \u00e9vader le temps d&rsquo;un instant.<\/p>\n<p>Chez FD Coiffure Dorine Fortin, il ne s&rsquo;agit pas seulement de prendre soin de vos cheveux, mais de vous offrir un moment de d\u00e9connexion totale. Chaque service, qu&rsquo;il s&rsquo;agisse d&rsquo;une coupe, d&rsquo;une coloration, ou d&rsquo;un soin capillaire, est pens\u00e9 pour vous procurer un v\u00e9ritable moment de bien-\u00eatre. Nos coiffeurs, experts et passionn\u00e9s, sont \u00e0 votre \u00e9coute pour cr\u00e9er le style qui vous correspond tout en veillant \u00e0 ce que vous repartiez avec le sourire et le sentiment d&rsquo;avoir v\u00e9cu une parenth\u00e8se enchant\u00e9e.<\/p>\n<p>Notre objectif est simple : que vous ressortiez de notre salon non seulement sublim\u00e9, mais \u00e9galement revitalis\u00e9, avec l&rsquo;impression d&rsquo;avoir voyag\u00e9, l&rsquo;espace d&rsquo;un moment, dans un coin de paradis. Nous vous invitons \u00e0 venir d\u00e9couvrir notre univers et \u00e0 vous offrir une pause d\u00e9tente bien m\u00e9rit\u00e9e chez FD Coiffure Dorine Fortin.<\/p>\n<p style=\"text-align: center;\">Le salon est ouvert du \u00a0Mardi au Vendredi de 9h \u00e0 12h et 13H30 \u00e0 19h00<\/p>\n<p style=\"text-align: center;\">Le Samedi de 8h00 \u00e0 12h00 et de 13h30 \u00e0 16h00<\/p>\n<p style=\"text-align: center;\">Parking gratuit \u00e0 proximit\u00e9<\/p>\n<h1>\u00a0<\/h1>\n<\/p>\n<\/p>\n<p style=\"text-align: center;\">\n\n\n<div class=\"wp-block-columns is-layout-flex wp-container-core-columns-is-layout-9d6595d7 wp-block-columns-is-layout-flex\">\n<div class=\"wp-block-column is-layout-flow wp-block-column-is-layout-flow\" style=\"flex-basis:100%\">\n<figure class=\"wp-block-gallery has-nested-images columns-default is-cropped wp-block-gallery-1 is-layout-flex wp-block-gallery-is-layout-flex\">\n<figure class=\"wp-block-image size-large\"><img loading=\"lazy\" decoding=\"async\" width=\"1024\" height=\"683\" data-id=\"697\" src=\"https:\/\/fdcoiffure.com\/wp-content\/uploads\/2024\/10\/fdcoiffure-8-1024x683.jpg\" alt=\"\" class=\"wp-image-697\" srcset=\"https:\/\/fdcoiffure.com\/wp-content\/uploads\/2024\/10\/fdcoiffure-8-1024x683.jpg 1024w, https:\/\/fdcoiffure.com\/wp-content\/uploads\/2024\/10\/fdcoiffure-8-300x200.jpg 300w, https:\/\/fdcoiffure.com\/wp-content\/uploads\/2024\/10\/fdcoiffure-8-768x512.jpg 768w, https:\/\/fdcoiffure.com\/wp-content\/uploads\/2024\/10\/fdcoiffure-8-1536x1024.jpg 1536w, https:\/\/fdcoiffure.com\/wp-content\/uploads\/2024\/10\/fdcoiffure-8-2048x1365.jpg 2048w, https:\/\/fdcoiffure.com\/wp-content\/uploads\/2024\/10\/fdcoiffure-8-450x300.jpg 450w, https:\/\/fdcoiffure.com\/wp-content\/uploads\/2024\/10\/fdcoiffure-8-90x60.jpg 90w, https:\/\/fdcoiffure.com\/wp-content\/uploads\/2024\/10\/fdcoiffure-8-600x400.jpg 600w\" sizes=\"auto, (max-width: 1024px) 100vw, 1024px\" \/><\/figure>\n\n\n\n<figure class=\"wp-block-image size-large\"><img loading=\"lazy\" decoding=\"async\" width=\"360\" height=\"640\" data-id=\"604\" src=\"https:\/\/fdcoiffure.com\/wp-content\/uploads\/2023\/02\/IMG_4240-1.jpg\" alt=\"\" class=\"wp-image-604\" srcset=\"https:\/\/fdcoiffure.com\/wp-content\/uploads\/2023\/02\/IMG_4240-1.jpg 360w, https:\/\/fdcoiffure.com\/wp-content\/uploads\/2023\/02\/IMG_4240-1-169x300.jpg 169w, https:\/\/fdcoiffure.com\/wp-content\/uploads\/2023\/02\/IMG_4240-1-34x60.jpg 34w\" sizes=\"auto, (max-width: 360px) 100vw, 360px\" \/><\/figure>\n\n\n\n<figure class=\"wp-block-image size-large\"><img loading=\"lazy\" decoding=\"async\" width=\"360\" height=\"640\" data-id=\"610\" src=\"https:\/\/fdcoiffure.com\/wp-content\/uploads\/2023\/02\/IMG_4239-2.jpg\" alt=\"\" class=\"wp-image-610\" srcset=\"https:\/\/fdcoiffure.com\/wp-content\/uploads\/2023\/02\/IMG_4239-2.jpg 360w, https:\/\/fdcoiffure.com\/wp-content\/uploads\/2023\/02\/IMG_4239-2-169x300.jpg 169w, https:\/\/fdcoiffure.com\/wp-content\/uploads\/2023\/02\/IMG_4239-2-34x60.jpg 34w\" sizes=\"auto, (max-width: 360px) 100vw, 360px\" \/><\/figure>\n\n\n\n<figure class=\"wp-block-image size-large is-style-rounded\"><img loading=\"lazy\" decoding=\"async\" width=\"1024\" height=\"683\" data-id=\"729\" src=\"https:\/\/fdcoiffure.com\/wp-content\/uploads\/2020\/11\/fdcoiffure-238-1024x683.jpg\" alt=\"\" class=\"wp-image-729\" srcset=\"https:\/\/fdcoiffure.com\/wp-content\/uploads\/2020\/11\/fdcoiffure-238-1024x683.jpg 1024w, https:\/\/fdcoiffure.com\/wp-content\/uploads\/2020\/11\/fdcoiffure-238-300x200.jpg 300w, https:\/\/fdcoiffure.com\/wp-content\/uploads\/2020\/11\/fdcoiffure-238-768x512.jpg 768w, https:\/\/fdcoiffure.com\/wp-content\/uploads\/2020\/11\/fdcoiffure-238-1536x1024.jpg 1536w, https:\/\/fdcoiffure.com\/wp-content\/uploads\/2020\/11\/fdcoiffure-238-2048x1365.jpg 2048w, https:\/\/fdcoiffure.com\/wp-content\/uploads\/2020\/11\/fdcoiffure-238-450x300.jpg 450w, https:\/\/fdcoiffure.com\/wp-content\/uploads\/2020\/11\/fdcoiffure-238-90x60.jpg 90w\" sizes=\"auto, (max-width: 1024px) 100vw, 1024px\" \/><\/figure>\n<\/figure>\n<\/div>\n<\/div>\n\n\n\n<p><\/p>\n","protected":false},"excerpt":{"rendered":"<p>Bienvenue chez FD Coiffure Dorine Fortin, un salon o\u00f9 chaque d\u00e9tail a \u00e9t\u00e9 pens\u00e9 pour vous offrir une exp\u00e9rience unique et m\u00e9morable. Notre concept repose sur une immersion totale dans une ambiance tropicale, o\u00f9 l&rsquo;exotisme et la d\u00e9tente sont au c\u0153ur de votre visite. D\u00e8s que vous franchissez nos portes, vous \u00eates transport\u00e9 dans un &hellip; <\/p>\n","protected":false},"author":1,"featured_media":0,"comment_status":"open","ping_status":"open","sticky":false,"template":"","format":"standard","meta":{"footnotes":""},"categories":[39],"tags":[],"class_list":["post-397","post","type-post","status-publish","format-standard","hentry","category-fd-coiffure"],"yoast_head":"<!-- This site is optimized with the Yoast SEO plugin v27.3 - https:\/\/yoast.com\/product\/yoast-seo-wordpress\/ -->\n<title>LE SALON - FD COIFFURE - L&#039;art de sublimer vos cheveux au naturel<\/title>\n<meta name=\"description\" content=\"Situ\u00e9 au coeur de la Ville de Ch\u00e2teauponsac, le salon Fd Coiffure vous accueille dans une ambiance cosy et chaleureuse.\u00a0Hommes, femmes ,enfants.Mardi au Vendredi de 9h \u00e0 12h et 13H30 \u00e0 19h00Le Samedi de 8h30 \u00e0 12h00 et de 13h30 \u00e0 18h30 \u00a0\" \/>\n<meta name=\"robots\" content=\"index, follow, max-snippet:-1, max-image-preview:large, max-video-preview:-1\" \/>\n<link rel=\"canonical\" href=\"https:\/\/fdcoiffure.com\/index.php\/2020\/11\/04\/le-salon\/\" \/>\n<meta property=\"og:locale\" content=\"fr_FR\" \/>\n<meta property=\"og:type\" content=\"article\" \/>\n<meta property=\"og:title\" content=\"LE SALON - FD COIFFURE - L&#039;art de sublimer vos cheveux au naturel\" \/>\n<meta property=\"og:description\" content=\"Situ\u00e9 au coeur de la Ville de Ch\u00e2teauponsac, le salon Fd Coiffure vous accueille dans une ambiance cosy et chaleureuse.\u00a0Hommes, femmes ,enfants.Mardi au Vendredi de 9h \u00e0 12h et 13H30 \u00e0 19h00Le Samedi de 8h30 \u00e0 12h00 et de 13h30 \u00e0 18h30 \u00a0\" \/>\n<meta property=\"og:url\" content=\"https:\/\/fdcoiffure.com\/index.php\/2020\/11\/04\/le-salon\/\" \/>\n<meta property=\"og:site_name\" content=\"FD COIFFURE - L&#039;art de sublimer vos cheveux au naturel\" \/>\n<meta property=\"article:publisher\" content=\"http:\/\/fd20coiffure20ch\u00e2teauponsac\" \/>\n<meta property=\"article:published_time\" content=\"2020-11-04T19:47:24+00:00\" \/>\n<meta property=\"article:modified_time\" content=\"2025-01-25T22:07:35+00:00\" \/>\n<meta property=\"og:image\" content=\"https:\/\/fdcoiffure.com\/wp-content\/uploads\/2024\/10\/fdcoiffure-8-scaled.jpg\" \/>\n\t<meta property=\"og:image:width\" content=\"2560\" \/>\n\t<meta property=\"og:image:height\" content=\"1707\" \/>\n\t<meta property=\"og:image:type\" content=\"image\/jpeg\" \/>\n<meta name=\"author\" content=\"admin9104\" \/>\n<meta name=\"twitter:card\" content=\"summary_large_image\" \/>\n<meta name=\"twitter:label1\" content=\"\u00c9crit par\" \/>\n\t<meta name=\"twitter:data1\" content=\"admin9104\" \/>\n\t<meta name=\"twitter:label2\" content=\"Dur\u00e9e de lecture estim\u00e9e\" \/>\n\t<meta name=\"twitter:data2\" content=\"3 minutes\" \/>\n<script type=\"application\/ld+json\" class=\"yoast-schema-graph\">{\"@context\":\"https:\\\/\\\/schema.org\",\"@graph\":[{\"@type\":\"Article\",\"@id\":\"https:\\\/\\\/fdcoiffure.com\\\/index.php\\\/2020\\\/11\\\/04\\\/le-salon\\\/#article\",\"isPartOf\":{\"@id\":\"https:\\\/\\\/fdcoiffure.com\\\/index.php\\\/2020\\\/11\\\/04\\\/le-salon\\\/\"},\"author\":{\"name\":\"admin9104\",\"@id\":\"https:\\\/\\\/fdcoiffure.com\\\/#\\\/schema\\\/person\\\/d8c0d8bccf64f79356c5e210707d8134\"},\"headline\":\"LE SALON\",\"datePublished\":\"2020-11-04T19:47:24+00:00\",\"dateModified\":\"2025-01-25T22:07:35+00:00\",\"mainEntityOfPage\":{\"@id\":\"https:\\\/\\\/fdcoiffure.com\\\/index.php\\\/2020\\\/11\\\/04\\\/le-salon\\\/\"},\"wordCount\":296,\"commentCount\":1,\"publisher\":{\"@id\":\"https:\\\/\\\/fdcoiffure.com\\\/#organization\"},\"image\":{\"@id\":\"https:\\\/\\\/fdcoiffure.com\\\/index.php\\\/2020\\\/11\\\/04\\\/le-salon\\\/#primaryimage\"},\"thumbnailUrl\":\"https:\\\/\\\/fdcoiffure.com\\\/wp-content\\\/uploads\\\/2024\\\/10\\\/fdcoiffure-8-1024x683.jpg\",\"articleSection\":[\"FD COIFFURE\"],\"inLanguage\":\"fr-FR\",\"potentialAction\":[{\"@type\":\"CommentAction\",\"name\":\"Comment\",\"target\":[\"https:\\\/\\\/fdcoiffure.com\\\/index.php\\\/2020\\\/11\\\/04\\\/le-salon\\\/#respond\"]}]},{\"@type\":\"WebPage\",\"@id\":\"https:\\\/\\\/fdcoiffure.com\\\/index.php\\\/2020\\\/11\\\/04\\\/le-salon\\\/\",\"url\":\"https:\\\/\\\/fdcoiffure.com\\\/index.php\\\/2020\\\/11\\\/04\\\/le-salon\\\/\",\"name\":\"LE SALON - FD COIFFURE - L&#039;art de sublimer vos cheveux au naturel\",\"isPartOf\":{\"@id\":\"https:\\\/\\\/fdcoiffure.com\\\/#website\"},\"primaryImageOfPage\":{\"@id\":\"https:\\\/\\\/fdcoiffure.com\\\/index.php\\\/2020\\\/11\\\/04\\\/le-salon\\\/#primaryimage\"},\"image\":{\"@id\":\"https:\\\/\\\/fdcoiffure.com\\\/index.php\\\/2020\\\/11\\\/04\\\/le-salon\\\/#primaryimage\"},\"thumbnailUrl\":\"https:\\\/\\\/fdcoiffure.com\\\/wp-content\\\/uploads\\\/2024\\\/10\\\/fdcoiffure-8-1024x683.jpg\",\"datePublished\":\"2020-11-04T19:47:24+00:00\",\"dateModified\":\"2025-01-25T22:07:35+00:00\",\"description\":\"Situ\u00e9 au coeur de la Ville de Ch\u00e2teauponsac, le salon Fd Coiffure vous accueille dans une ambiance cosy et chaleureuse.\u00a0Hommes, femmes ,enfants.Mardi au Vendredi de 9h \u00e0 12h et 13H30 \u00e0 19h00Le Samedi de 8h30 \u00e0 12h00 et de 13h30 \u00e0 18h30 \u00a0\",\"breadcrumb\":{\"@id\":\"https:\\\/\\\/fdcoiffure.com\\\/index.php\\\/2020\\\/11\\\/04\\\/le-salon\\\/#breadcrumb\"},\"inLanguage\":\"fr-FR\",\"potentialAction\":[{\"@type\":\"ReadAction\",\"target\":[\"https:\\\/\\\/fdcoiffure.com\\\/index.php\\\/2020\\\/11\\\/04\\\/le-salon\\\/\"]}]},{\"@type\":\"ImageObject\",\"inLanguage\":\"fr-FR\",\"@id\":\"https:\\\/\\\/fdcoiffure.com\\\/index.php\\\/2020\\\/11\\\/04\\\/le-salon\\\/#primaryimage\",\"url\":\"https:\\\/\\\/fdcoiffure.com\\\/wp-content\\\/uploads\\\/2024\\\/10\\\/fdcoiffure-8-scaled.jpg\",\"contentUrl\":\"https:\\\/\\\/fdcoiffure.com\\\/wp-content\\\/uploads\\\/2024\\\/10\\\/fdcoiffure-8-scaled.jpg\",\"width\":2560,\"height\":1707},{\"@type\":\"BreadcrumbList\",\"@id\":\"https:\\\/\\\/fdcoiffure.com\\\/index.php\\\/2020\\\/11\\\/04\\\/le-salon\\\/#breadcrumb\",\"itemListElement\":[{\"@type\":\"ListItem\",\"position\":1,\"name\":\"Accueil\",\"item\":\"https:\\\/\\\/fdcoiffure.com\\\/\"},{\"@type\":\"ListItem\",\"position\":2,\"name\":\"LE SALON\"}]},{\"@type\":\"WebSite\",\"@id\":\"https:\\\/\\\/fdcoiffure.com\\\/#website\",\"url\":\"https:\\\/\\\/fdcoiffure.com\\\/\",\"name\":\"fdcoiffure\",\"description\":\"Votre artisan coiffeur depuis 2005.\",\"publisher\":{\"@id\":\"https:\\\/\\\/fdcoiffure.com\\\/#organization\"},\"potentialAction\":[{\"@type\":\"SearchAction\",\"target\":{\"@type\":\"EntryPoint\",\"urlTemplate\":\"https:\\\/\\\/fdcoiffure.com\\\/?s={search_term_string}\"},\"query-input\":{\"@type\":\"PropertyValueSpecification\",\"valueRequired\":true,\"valueName\":\"search_term_string\"}}],\"inLanguage\":\"fr-FR\"},{\"@type\":\"Organization\",\"@id\":\"https:\\\/\\\/fdcoiffure.com\\\/#organization\",\"name\":\"FD COIFFURE dorine Fortin\",\"url\":\"https:\\\/\\\/fdcoiffure.com\\\/\",\"logo\":{\"@type\":\"ImageObject\",\"inLanguage\":\"fr-FR\",\"@id\":\"https:\\\/\\\/fdcoiffure.com\\\/#\\\/schema\\\/logo\\\/image\\\/\",\"url\":\"https:\\\/\\\/fdcoiffure.com\\\/wp-content\\\/uploads\\\/2018\\\/04\\\/Steinfield-ConvertImage.png\",\"contentUrl\":\"https:\\\/\\\/fdcoiffure.com\\\/wp-content\\\/uploads\\\/2018\\\/04\\\/Steinfield-ConvertImage.png\",\"width\":500,\"height\":500,\"caption\":\"FD COIFFURE dorine Fortin\"},\"image\":{\"@id\":\"https:\\\/\\\/fdcoiffure.com\\\/#\\\/schema\\\/logo\\\/image\\\/\"},\"sameAs\":[\"http:\\\/\\\/fd20coiffure20ch\u00e2teauponsac\"]},{\"@type\":\"Person\",\"@id\":\"https:\\\/\\\/fdcoiffure.com\\\/#\\\/schema\\\/person\\\/d8c0d8bccf64f79356c5e210707d8134\",\"name\":\"admin9104\",\"image\":{\"@type\":\"ImageObject\",\"inLanguage\":\"fr-FR\",\"@id\":\"https:\\\/\\\/secure.gravatar.com\\\/avatar\\\/2cb09c3ffca6a0434704c5033362036343e4e83bd77b36c020d2d199a6018832?s=96&d=mm&r=g\",\"url\":\"https:\\\/\\\/secure.gravatar.com\\\/avatar\\\/2cb09c3ffca6a0434704c5033362036343e4e83bd77b36c020d2d199a6018832?s=96&d=mm&r=g\",\"contentUrl\":\"https:\\\/\\\/secure.gravatar.com\\\/avatar\\\/2cb09c3ffca6a0434704c5033362036343e4e83bd77b36c020d2d199a6018832?s=96&d=mm&r=g\",\"caption\":\"admin9104\"}}]}<\/script>\n<!-- \/ Yoast SEO plugin. -->","yoast_head_json":{"title":"LE SALON - FD COIFFURE - L&#039;art de sublimer vos cheveux au naturel","description":"Situ\u00e9 au coeur de la Ville de Ch\u00e2teauponsac, le salon Fd Coiffure vous accueille dans une ambiance cosy et chaleureuse.\u00a0Hommes, femmes ,enfants.Mardi au Vendredi de 9h \u00e0 12h et 13H30 \u00e0 19h00Le Samedi de 8h30 \u00e0 12h00 et de 13h30 \u00e0 18h30 \u00a0","robots":{"index":"index","follow":"follow","max-snippet":"max-snippet:-1","max-image-preview":"max-image-preview:large","max-video-preview":"max-video-preview:-1"},"canonical":"https:\/\/fdcoiffure.com\/index.php\/2020\/11\/04\/le-salon\/","og_locale":"fr_FR","og_type":"article","og_title":"LE SALON - FD COIFFURE - L&#039;art de sublimer vos cheveux au naturel","og_description":"Situ\u00e9 au coeur de la Ville de Ch\u00e2teauponsac, le salon Fd Coiffure vous accueille dans une ambiance cosy et chaleureuse.\u00a0Hommes, femmes ,enfants.Mardi au Vendredi de 9h \u00e0 12h et 13H30 \u00e0 19h00Le Samedi de 8h30 \u00e0 12h00 et de 13h30 \u00e0 18h30 \u00a0","og_url":"https:\/\/fdcoiffure.com\/index.php\/2020\/11\/04\/le-salon\/","og_site_name":"FD COIFFURE - L&#039;art de sublimer vos cheveux au naturel","article_publisher":"http:\/\/fd20coiffure20ch\u00e2teauponsac","article_published_time":"2020-11-04T19:47:24+00:00","article_modified_time":"2025-01-25T22:07:35+00:00","og_image":[{"width":2560,"height":1707,"url":"https:\/\/fdcoiffure.com\/wp-content\/uploads\/2024\/10\/fdcoiffure-8-scaled.jpg","type":"image\/jpeg"}],"author":"admin9104","twitter_card":"summary_large_image","twitter_misc":{"\u00c9crit par":"admin9104","Dur\u00e9e de lecture estim\u00e9e":"3 minutes"},"schema":{"@context":"https:\/\/schema.org","@graph":[{"@type":"Article","@id":"https:\/\/fdcoiffure.com\/index.php\/2020\/11\/04\/le-salon\/#article","isPartOf":{"@id":"https:\/\/fdcoiffure.com\/index.php\/2020\/11\/04\/le-salon\/"},"author":{"name":"admin9104","@id":"https:\/\/fdcoiffure.com\/#\/schema\/person\/d8c0d8bccf64f79356c5e210707d8134"},"headline":"LE SALON","datePublished":"2020-11-04T19:47:24+00:00","dateModified":"2025-01-25T22:07:35+00:00","mainEntityOfPage":{"@id":"https:\/\/fdcoiffure.com\/index.php\/2020\/11\/04\/le-salon\/"},"wordCount":296,"commentCount":1,"publisher":{"@id":"https:\/\/fdcoiffure.com\/#organization"},"image":{"@id":"https:\/\/fdcoiffure.com\/index.php\/2020\/11\/04\/le-salon\/#primaryimage"},"thumbnailUrl":"https:\/\/fdcoiffure.com\/wp-content\/uploads\/2024\/10\/fdcoiffure-8-1024x683.jpg","articleSection":["FD COIFFURE"],"inLanguage":"fr-FR","potentialAction":[{"@type":"CommentAction","name":"Comment","target":["https:\/\/fdcoiffure.com\/index.php\/2020\/11\/04\/le-salon\/#respond"]}]},{"@type":"WebPage","@id":"https:\/\/fdcoiffure.com\/index.php\/2020\/11\/04\/le-salon\/","url":"https:\/\/fdcoiffure.com\/index.php\/2020\/11\/04\/le-salon\/","name":"LE SALON - FD COIFFURE - L&#039;art de sublimer vos cheveux au naturel","isPartOf":{"@id":"https:\/\/fdcoiffure.com\/#website"},"primaryImageOfPage":{"@id":"https:\/\/fdcoiffure.com\/index.php\/2020\/11\/04\/le-salon\/#primaryimage"},"image":{"@id":"https:\/\/fdcoiffure.com\/index.php\/2020\/11\/04\/le-salon\/#primaryimage"},"thumbnailUrl":"https:\/\/fdcoiffure.com\/wp-content\/uploads\/2024\/10\/fdcoiffure-8-1024x683.jpg","datePublished":"2020-11-04T19:47:24+00:00","dateModified":"2025-01-25T22:07:35+00:00","description":"Situ\u00e9 au coeur de la Ville de Ch\u00e2teauponsac, le salon Fd Coiffure vous accueille dans une ambiance cosy et chaleureuse.\u00a0Hommes, femmes ,enfants.Mardi au Vendredi de 9h \u00e0 12h et 13H30 \u00e0 19h00Le Samedi de 8h30 \u00e0 12h00 et de 13h30 \u00e0 18h30 \u00a0","breadcrumb":{"@id":"https:\/\/fdcoiffure.com\/index.php\/2020\/11\/04\/le-salon\/#breadcrumb"},"inLanguage":"fr-FR","potentialAction":[{"@type":"ReadAction","target":["https:\/\/fdcoiffure.com\/index.php\/2020\/11\/04\/le-salon\/"]}]},{"@type":"ImageObject","inLanguage":"fr-FR","@id":"https:\/\/fdcoiffure.com\/index.php\/2020\/11\/04\/le-salon\/#primaryimage","url":"https:\/\/fdcoiffure.com\/wp-content\/uploads\/2024\/10\/fdcoiffure-8-scaled.jpg","contentUrl":"https:\/\/fdcoiffure.com\/wp-content\/uploads\/2024\/10\/fdcoiffure-8-scaled.jpg","width":2560,"height":1707},{"@type":"BreadcrumbList","@id":"https:\/\/fdcoiffure.com\/index.php\/2020\/11\/04\/le-salon\/#breadcrumb","itemListElement":[{"@type":"ListItem","position":1,"name":"Accueil","item":"https:\/\/fdcoiffure.com\/"},{"@type":"ListItem","position":2,"name":"LE SALON"}]},{"@type":"WebSite","@id":"https:\/\/fdcoiffure.com\/#website","url":"https:\/\/fdcoiffure.com\/","name":"fdcoiffure","description":"Votre artisan coiffeur depuis 2005.","publisher":{"@id":"https:\/\/fdcoiffure.com\/#organization"},"potentialAction":[{"@type":"SearchAction","target":{"@type":"EntryPoint","urlTemplate":"https:\/\/fdcoiffure.com\/?s={search_term_string}"},"query-input":{"@type":"PropertyValueSpecification","valueRequired":true,"valueName":"search_term_string"}}],"inLanguage":"fr-FR"},{"@type":"Organization","@id":"https:\/\/fdcoiffure.com\/#organization","name":"FD COIFFURE dorine Fortin","url":"https:\/\/fdcoiffure.com\/","logo":{"@type":"ImageObject","inLanguage":"fr-FR","@id":"https:\/\/fdcoiffure.com\/#\/schema\/logo\/image\/","url":"https:\/\/fdcoiffure.com\/wp-content\/uploads\/2018\/04\/Steinfield-ConvertImage.png","contentUrl":"https:\/\/fdcoiffure.com\/wp-content\/uploads\/2018\/04\/Steinfield-ConvertImage.png","width":500,"height":500,"caption":"FD COIFFURE dorine Fortin"},"image":{"@id":"https:\/\/fdcoiffure.com\/#\/schema\/logo\/image\/"},"sameAs":["http:\/\/fd20coiffure20ch\u00e2teauponsac"]},{"@type":"Person","@id":"https:\/\/fdcoiffure.com\/#\/schema\/person\/d8c0d8bccf64f79356c5e210707d8134","name":"admin9104","image":{"@type":"ImageObject","inLanguage":"fr-FR","@id":"https:\/\/secure.gravatar.com\/avatar\/2cb09c3ffca6a0434704c5033362036343e4e83bd77b36c020d2d199a6018832?s=96&d=mm&r=g","url":"https:\/\/secure.gravatar.com\/avatar\/2cb09c3ffca6a0434704c5033362036343e4e83bd77b36c020d2d199a6018832?s=96&d=mm&r=g","contentUrl":"https:\/\/secure.gravatar.com\/avatar\/2cb09c3ffca6a0434704c5033362036343e4e83bd77b36c020d2d199a6018832?s=96&d=mm&r=g","caption":"admin9104"}}]}},"_links":{"self":[{"href":"https:\/\/fdcoiffure.com\/index.php\/wp-json\/wp\/v2\/posts\/397","targetHints":{"allow":["GET"]}}],"collection":[{"href":"https:\/\/fdcoiffure.com\/index.php\/wp-json\/wp\/v2\/posts"}],"about":[{"href":"https:\/\/fdcoiffure.com\/index.php\/wp-json\/wp\/v2\/types\/post"}],"author":[{"embeddable":true,"href":"https:\/\/fdcoiffure.com\/index.php\/wp-json\/wp\/v2\/users\/1"}],"replies":[{"embeddable":true,"href":"https:\/\/fdcoiffure.com\/index.php\/wp-json\/wp\/v2\/comments?post=397"}],"version-history":[{"count":14,"href":"https:\/\/fdcoiffure.com\/index.php\/wp-json\/wp\/v2\/posts\/397\/revisions"}],"predecessor-version":[{"id":731,"href":"https:\/\/fdcoiffure.com\/index.php\/wp-json\/wp\/v2\/posts\/397\/revisions\/731"}],"wp:attachment":[{"href":"https:\/\/fdcoiffure.com\/index.php\/wp-json\/wp\/v2\/media?parent=397"}],"wp:term":[{"taxonomy":"category","embeddable":true,"href":"https:\/\/fdcoiffure.com\/index.php\/wp-json\/wp\/v2\/categories?post=397"},{"taxonomy":"post_tag","embeddable":true,"href":"https:\/\/fdcoiffure.com\/index.php\/wp-json\/wp\/v2\/tags?post=397"}],"curies":[{"name":"wp","href":"https:\/\/api.w.org\/{rel}","templated":true}]}}